{"id":6250,"date":"2023-10-23T22:52:39","date_gmt":"2023-10-23T20:52:39","guid":{"rendered":"https:\/\/www.aurora-h2020.eu\/?p=6250"},"modified":"2023-10-23T22:55:18","modified_gmt":"2023-10-23T20:55:18","slug":"solar-photovoltaic-solutions-in-historical-city-centres","status":"publish","type":"post","link":"https:\/\/www.aurora-h2020.eu\/pt\/2023\/10\/23\/solar-photovoltaic-solutions-in-historical-city-centres\/","title":{"rendered":"Solu\u00e7\u00f5es solares fotovoltaicas em Centros Hist\u00f3ricos de cidades"},"content":{"rendered":"<div data-elementor-type=\"wp-post\" data-elementor-id=\"6250\" class=\"elementor elementor-6250\" data-elementor-post-type=\"post\">\n\t\t\t\t\t\t<section class=\"elementor-section elementor-top-section elementor-element elementor-element-a672558 elementor-section-boxed elementor-section-height-default elementor-section-height-default\" data-id=\"a672558\" data-element_type=\"section\">\n\t\t\t\t\t\t<div class=\"elementor-container elementor-column-gap-default\">\n\t\t\t\t\t<div class=\"elementor-column elementor-col-100 elementor-top-column elementor-element elementor-element-289c067\" data-id=\"289c067\" data-element_type=\"column\">\n\t\t\t<div class=\"elementor-widget-wrap elementor-element-populated\">\n\t\t\t\t\t\t<div class=\"elementor-element elementor-element-5e24bf4 elementor-widget elementor-widget-text-editor\" data-id=\"5e24bf4\" data-element_type=\"widget\" data-widget_type=\"text-editor.default\">\n\t\t\t\t<div class=\"elementor-widget-container\">\n\t\t\t<style>\/*! elementor - v3.22.0 - 17-06-2024 *\/\n.elementor-widget-text-editor.elementor-drop-cap-view-stacked .elementor-drop-cap{background-color:#69727d;color:#fff}.elementor-widget-text-editor.elementor-drop-cap-view-framed .elementor-drop-cap{color:#69727d;border:3px solid;background-color:transparent}.elementor-widget-text-editor:not(.elementor-drop-cap-view-default) .elementor-drop-cap{margin-top:8px}.elementor-widget-text-editor:not(.elementor-drop-cap-view-default) .elementor-drop-cap-letter{width:1em;height:1em}.elementor-widget-text-editor .elementor-drop-cap{float:left;text-align:center;line-height:1;font-size:50px}.elementor-widget-text-editor .elementor-drop-cap-letter{display:inline-block}<\/style>\t\t\t\t<p>A hist\u00f3rica cidade de \u00c9vora \u00e9 patrim\u00f3nio mundial da UNESCO e devido a essa classifica\u00e7\u00e3o n\u00e3o s\u00e3o permitidas interven\u00e7\u00f5es que alterem significativamente o aspeto da cidade, como a instala\u00e7\u00e3o de sistemas fotovoltaicos em telhados. Esta limita\u00e7\u00e3o foi abordada numa sess\u00e3o organizada no \u00e2mbito da A\u00e7\u00e3o Sustent\u00e1vel AURORA, em coopera\u00e7\u00e3o com o projeto POCITYF que est\u00e1 atualmente a abordar estes desafios na cidade eborense.<\/p><p>Inicialmente a sess\u00e3o come\u00e7ou com uma apresenta\u00e7\u00e3o que destacou o problema e as poss\u00edveis solu\u00e7\u00f5es foram mostradas e repassadas entre os participantes. A equipa recolheu amostras de vidros e telhas fotovoltaicas para mostrar e repassar \u00e0 comunidade presente para melhor compreens\u00e3o das solu\u00e7\u00f5es inovadoras em discuss\u00e3o.<\/p><p>Um exemplo do qu\u00e3o rigorosas s\u00e3o as limita\u00e7\u00f5es \u00e9 que as telhas solares n\u00e3o s\u00f3 t\u00eam de se parecer com as telhas normais utilizadas em \u00c9vora, mas tamb\u00e9m t\u00eam de ter uma textura rugosa semelhante \u00e0 que foi conseguida e aprovada pela Dire\u00e7\u00e3o de Cultura para as telhas solares que v\u00e3o ser empregadas em edif\u00edcios do munic\u00edpio.<\/p>\t\t\t\t\t\t<\/div>\n\t\t\t\t<\/div>\n\t\t\t\t<div class=\"elementor-element elementor-element-25ea906 elementor-widget elementor-widget-image\" data-id=\"25ea906\" data-element_type=\"widget\" data-widget_type=\"image.default\">\n\t\t\t\t<div class=\"elementor-widget-container\">\n\t\t\t<style>\/*! elementor - v3.22.0 - 17-06-2024 *\/\n.elementor-widget-image{text-align:center}.elementor-widget-image a{display:inline-block}.elementor-widget-image a img[src$=\".svg\"]{width:48px}.elementor-widget-image img{vertical-align:middle;display:inline-block}<\/style>\t\t\t\t\t\t\t<figure class=\"wp-caption\">\n\t\t\t\t\t\t\t\t\t\t<img fetchpriority=\"high\" decoding=\"async\" width=\"567\" height=\"106\" src=\"https:\/\/www.aurora-h2020.eu\/wp-content\/uploads\/2023\/10\/20.-Solar-photovoltaic-glass.png\" class=\"attachment-large size-large wp-image-6252\" alt=\"\" srcset=\"https:\/\/www.aurora-h2020.eu\/wp-content\/uploads\/2023\/10\/20.-Solar-photovoltaic-glass.png 567w, https:\/\/www.aurora-h2020.eu\/wp-content\/uploads\/2023\/10\/20.-Solar-photovoltaic-glass-300x56.png 300w, https:\/\/www.aurora-h2020.eu\/wp-content\/uploads\/2023\/10\/20.-Solar-photovoltaic-glass-18x3.png 18w\" sizes=\"(max-width: 567px) 100vw, 567px\" \/>\t\t\t\t\t\t\t\t\t\t\t<figcaption class=\"widget-image-caption wp-caption-text\">Solar photovoltaic glass<\/figcaption>\n\t\t\t\t\t\t\t\t\t\t<\/figure>\n\t\t\t\t\t\t\t<\/div>\n\t\t\t\t<\/div>\n\t\t\t\t<div class=\"elementor-element elementor-element-cd7e405 elementor-widget elementor-widget-image\" data-id=\"cd7e405\" data-element_type=\"widget\" data-widget_type=\"image.default\">\n\t\t\t\t<div class=\"elementor-widget-container\">\n\t\t\t\t\t\t\t\t\t\t<figure class=\"wp-caption\">\n\t\t\t\t\t\t\t\t\t\t<img decoding=\"async\" width=\"365\" height=\"205\" src=\"https:\/\/www.aurora-h2020.eu\/wp-content\/uploads\/2023\/10\/20.-Solar-rooftiles.png\" class=\"attachment-large size-large wp-image-6253\" alt=\"\" srcset=\"https:\/\/www.aurora-h2020.eu\/wp-content\/uploads\/2023\/10\/20.-Solar-rooftiles.png 365w, https:\/\/www.aurora-h2020.eu\/wp-content\/uploads\/2023\/10\/20.-Solar-rooftiles-300x168.png 300w, https:\/\/www.aurora-h2020.eu\/wp-content\/uploads\/2023\/10\/20.-Solar-rooftiles-18x10.png 18w\" sizes=\"(max-width: 365px) 100vw, 365px\" \/>\t\t\t\t\t\t\t\t\t\t\t<figcaption class=\"widget-image-caption wp-caption-text\">Solar rooftiles<\/figcaption>\n\t\t\t\t\t\t\t\t\t\t<\/figure>\n\t\t\t\t\t\t\t<\/div>\n\t\t\t\t<\/div>\n\t\t\t\t\t<\/div>\n\t\t<\/div>\n\t\t\t\t\t<\/div>\n\t\t<\/section>\n\t\t\t\t<\/div>","protected":false},"excerpt":{"rendered":"<p>The historical city of \u00c9vora is an UNESCO world heritage centre and due to that classification, no interventions that significantly change the aspect of the city are allowed, such as the installation of photovoltaic systems in rooftops. This limitation was addressed in a session organized in the scope of the AURORA Sustainable Action, in cooperation [&hellip;]<\/p>","protected":false},"author":12,"featured_media":5546,"comment_status":"closed","ping_status":"closed","sticky":false,"template":"","format":"standard","meta":{"_monsterinsights_skip_tracking":false,"_monsterinsights_sitenote_active":false,"_monsterinsights_sitenote_note":"","_monsterinsights_sitenote_category":0,"footnotes":""},"categories":[1,64],"tags":[],"class_list":["post-6250","post","type-post","status-publish","format-standard","has-post-thumbnail","hentry","category-news","category-portugal"],"acf":[],"yoast_head":"<!-- This site is optimized with the Yoast SEO plugin v27.4 - https:\/\/yoast.com\/product\/yoast-seo-wordpress\/ -->\n<title>Solar Photovoltaic Solutions in Historical City Centres - AURORA H2020<\/title>\n<meta name=\"robots\" content=\"index, follow, max-snippet:-1, max-image-preview:large, max-video-preview:-1\" \/>\n<link rel=\"canonical\" href=\"https:\/\/www.aurora-h2020.eu\/pt\/2023\/10\/23\/solar-photovoltaic-solutions-in-historical-city-centres\/\" \/>\n<meta property=\"og:locale\" content=\"pt_PT\" \/>\n<meta property=\"og:type\" content=\"article\" \/>\n<meta property=\"og:title\" content=\"Solar Photovoltaic Solutions in Historical City Centres - AURORA H2020\" \/>\n<meta property=\"og:description\" content=\"The historical city of \u00c9vora is an UNESCO world heritage centre and due to that classification, no interventions that significantly change the aspect of the city are allowed, such as the installation of photovoltaic systems in rooftops. This limitation was addressed in a session organized in the scope of the AURORA Sustainable Action, in cooperation [&hellip;]\" \/>\n<meta property=\"og:url\" content=\"https:\/\/www.aurora-h2020.eu\/pt\/2023\/10\/23\/solar-photovoltaic-solutions-in-historical-city-centres\/\" \/>\n<meta property=\"og:site_name\" content=\"AURORA H2020\" \/>\n<meta property=\"article:published_time\" content=\"2023-10-23T20:52:39+00:00\" \/>\n<meta property=\"article:modified_time\" content=\"2023-10-23T20:55:18+00:00\" \/>\n<meta property=\"og:image\" content=\"https:\/\/www.aurora-h2020.eu\/wp-content\/uploads\/2023\/05\/348437265_204572942465626_7317316231081315037_n.jpg\" \/>\n\t<meta property=\"og:image:width\" content=\"1536\" \/>\n\t<meta property=\"og:image:height\" content=\"1536\" \/>\n\t<meta property=\"og:image:type\" content=\"image\/jpeg\" \/>\n<meta name=\"author\" content=\"Daniela Martin\" \/>\n<meta name=\"twitter:card\" content=\"summary_large_image\" \/>\n<meta name=\"twitter:creator\" content=\"@AURORA_H2020\" \/>\n<meta name=\"twitter:site\" content=\"@AURORA_H2020\" \/>\n<meta name=\"twitter:label1\" content=\"Escrito por\" \/>\n\t<meta name=\"twitter:data1\" content=\"Daniela Martin\" \/>\n\t<meta name=\"twitter:label2\" content=\"Tempo estimado de leitura\" \/>\n\t<meta name=\"twitter:data2\" content=\"2 minutos\" \/>\n<script type=\"application\/ld+json\" class=\"yoast-schema-graph\">{\"@context\":\"https:\\\/\\\/schema.org\",\"@graph\":[{\"@type\":\"Article\",\"@id\":\"https:\\\/\\\/www.aurora-h2020.eu\\\/2023\\\/10\\\/23\\\/solar-photovoltaic-solutions-in-historical-city-centres\\\/#article\",\"isPartOf\":{\"@id\":\"https:\\\/\\\/www.aurora-h2020.eu\\\/2023\\\/10\\\/23\\\/solar-photovoltaic-solutions-in-historical-city-centres\\\/\"},\"author\":{\"name\":\"Daniela Martin\",\"@id\":\"https:\\\/\\\/www.aurora-h2020.eu\\\/#\\\/schema\\\/person\\\/c1a50e3b68f3c50a4351dba0dde770d1\"},\"headline\":\"Solar Photovoltaic Solutions in Historical City Centres\",\"datePublished\":\"2023-10-23T20:52:39+00:00\",\"dateModified\":\"2023-10-23T20:55:18+00:00\",\"mainEntityOfPage\":{\"@id\":\"https:\\\/\\\/www.aurora-h2020.eu\\\/2023\\\/10\\\/23\\\/solar-photovoltaic-solutions-in-historical-city-centres\\\/\"},\"wordCount\":190,\"publisher\":{\"@id\":\"https:\\\/\\\/www.aurora-h2020.eu\\\/#organization\"},\"image\":{\"@id\":\"https:\\\/\\\/www.aurora-h2020.eu\\\/2023\\\/10\\\/23\\\/solar-photovoltaic-solutions-in-historical-city-centres\\\/#primaryimage\"},\"thumbnailUrl\":\"https:\\\/\\\/www.aurora-h2020.eu\\\/wp-content\\\/uploads\\\/2023\\\/05\\\/348437265_204572942465626_7317316231081315037_n.jpg\",\"articleSection\":[\"News\",\"Portugal\"],\"inLanguage\":\"pt-PT\"},{\"@type\":\"WebPage\",\"@id\":\"https:\\\/\\\/www.aurora-h2020.eu\\\/2023\\\/10\\\/23\\\/solar-photovoltaic-solutions-in-historical-city-centres\\\/\",\"url\":\"https:\\\/\\\/www.aurora-h2020.eu\\\/2023\\\/10\\\/23\\\/solar-photovoltaic-solutions-in-historical-city-centres\\\/\",\"name\":\"Solar Photovoltaic Solutions in Historical City Centres - AURORA H2020\",\"isPartOf\":{\"@id\":\"https:\\\/\\\/www.aurora-h2020.eu\\\/#website\"},\"primaryImageOfPage\":{\"@id\":\"https:\\\/\\\/www.aurora-h2020.eu\\\/2023\\\/10\\\/23\\\/solar-photovoltaic-solutions-in-historical-city-centres\\\/#primaryimage\"},\"image\":{\"@id\":\"https:\\\/\\\/www.aurora-h2020.eu\\\/2023\\\/10\\\/23\\\/solar-photovoltaic-solutions-in-historical-city-centres\\\/#primaryimage\"},\"thumbnailUrl\":\"https:\\\/\\\/www.aurora-h2020.eu\\\/wp-content\\\/uploads\\\/2023\\\/05\\\/348437265_204572942465626_7317316231081315037_n.jpg\",\"datePublished\":\"2023-10-23T20:52:39+00:00\",\"dateModified\":\"2023-10-23T20:55:18+00:00\",\"inLanguage\":\"pt-PT\",\"potentialAction\":[{\"@type\":\"ReadAction\",\"target\":[\"https:\\\/\\\/www.aurora-h2020.eu\\\/2023\\\/10\\\/23\\\/solar-photovoltaic-solutions-in-historical-city-centres\\\/\"]}]},{\"@type\":\"ImageObject\",\"inLanguage\":\"pt-PT\",\"@id\":\"https:\\\/\\\/www.aurora-h2020.eu\\\/2023\\\/10\\\/23\\\/solar-photovoltaic-solutions-in-historical-city-centres\\\/#primaryimage\",\"url\":\"https:\\\/\\\/www.aurora-h2020.eu\\\/wp-content\\\/uploads\\\/2023\\\/05\\\/348437265_204572942465626_7317316231081315037_n.jpg\",\"contentUrl\":\"https:\\\/\\\/www.aurora-h2020.eu\\\/wp-content\\\/uploads\\\/2023\\\/05\\\/348437265_204572942465626_7317316231081315037_n.jpg\",\"width\":1536,\"height\":1536},{\"@type\":\"WebSite\",\"@id\":\"https:\\\/\\\/www.aurora-h2020.eu\\\/#website\",\"url\":\"https:\\\/\\\/www.aurora-h2020.eu\\\/\",\"name\":\"AURORA H2020\",\"description\":\"Empowering a new generation of near zero-emission citizens\",\"publisher\":{\"@id\":\"https:\\\/\\\/www.aurora-h2020.eu\\\/#organization\"},\"potentialAction\":[{\"@type\":\"SearchAction\",\"target\":{\"@type\":\"EntryPoint\",\"urlTemplate\":\"https:\\\/\\\/www.aurora-h2020.eu\\\/?s={search_term_string}\"},\"query-input\":{\"@type\":\"PropertyValueSpecification\",\"valueRequired\":true,\"valueName\":\"search_term_string\"}}],\"inLanguage\":\"pt-PT\"},{\"@type\":\"Organization\",\"@id\":\"https:\\\/\\\/www.aurora-h2020.eu\\\/#organization\",\"name\":\"AURORA\",\"url\":\"https:\\\/\\\/www.aurora-h2020.eu\\\/\",\"logo\":{\"@type\":\"ImageObject\",\"inLanguage\":\"pt-PT\",\"@id\":\"https:\\\/\\\/www.aurora-h2020.eu\\\/#\\\/schema\\\/logo\\\/image\\\/\",\"url\":\"https:\\\/\\\/www.aurora-h2020.eu\\\/wp-content\\\/uploads\\\/2022\\\/03\\\/2022-03-02-14.51.48.jpg\",\"contentUrl\":\"https:\\\/\\\/www.aurora-h2020.eu\\\/wp-content\\\/uploads\\\/2022\\\/03\\\/2022-03-02-14.51.48.jpg\",\"width\":1280,\"height\":367,\"caption\":\"AURORA\"},\"image\":{\"@id\":\"https:\\\/\\\/www.aurora-h2020.eu\\\/#\\\/schema\\\/logo\\\/image\\\/\"},\"sameAs\":[\"https:\\\/\\\/x.com\\\/AURORA_H2020\"]},{\"@type\":\"Person\",\"@id\":\"https:\\\/\\\/www.aurora-h2020.eu\\\/#\\\/schema\\\/person\\\/c1a50e3b68f3c50a4351dba0dde770d1\",\"name\":\"Daniela Martin\",\"image\":{\"@type\":\"ImageObject\",\"inLanguage\":\"pt-PT\",\"@id\":\"https:\\\/\\\/secure.gravatar.com\\\/avatar\\\/6ef8ff78a463799d7ced7461832381d733dec1adb031a5e1830de10416cef925?s=96&d=mm&r=g\",\"url\":\"https:\\\/\\\/secure.gravatar.com\\\/avatar\\\/6ef8ff78a463799d7ced7461832381d733dec1adb031a5e1830de10416cef925?s=96&d=mm&r=g\",\"contentUrl\":\"https:\\\/\\\/secure.gravatar.com\\\/avatar\\\/6ef8ff78a463799d7ced7461832381d733dec1adb031a5e1830de10416cef925?s=96&d=mm&r=g\",\"caption\":\"Daniela Martin\"},\"url\":\"https:\\\/\\\/www.aurora-h2020.eu\\\/pt\\\/author\\\/dm_inscico\\\/\"}]}<\/script>\n<!-- \/ Yoast SEO plugin. -->","yoast_head_json":{"title":"Solar Photovoltaic Solutions in Historical City Centres - AURORA H2020","robots":{"index":"index","follow":"follow","max-snippet":"max-snippet:-1","max-image-preview":"max-image-preview:large","max-video-preview":"max-video-preview:-1"},"canonical":"https:\/\/www.aurora-h2020.eu\/pt\/2023\/10\/23\/solar-photovoltaic-solutions-in-historical-city-centres\/","og_locale":"pt_PT","og_type":"article","og_title":"Solar Photovoltaic Solutions in Historical City Centres - AURORA H2020","og_description":"The historical city of \u00c9vora is an UNESCO world heritage centre and due to that classification, no interventions that significantly change the aspect of the city are allowed, such as the installation of photovoltaic systems in rooftops. This limitation was addressed in a session organized in the scope of the AURORA Sustainable Action, in cooperation [&hellip;]","og_url":"https:\/\/www.aurora-h2020.eu\/pt\/2023\/10\/23\/solar-photovoltaic-solutions-in-historical-city-centres\/","og_site_name":"AURORA H2020","article_published_time":"2023-10-23T20:52:39+00:00","article_modified_time":"2023-10-23T20:55:18+00:00","og_image":[{"width":1536,"height":1536,"url":"https:\/\/www.aurora-h2020.eu\/wp-content\/uploads\/2023\/05\/348437265_204572942465626_7317316231081315037_n.jpg","type":"image\/jpeg"}],"author":"Daniela Martin","twitter_card":"summary_large_image","twitter_creator":"@AURORA_H2020","twitter_site":"@AURORA_H2020","twitter_misc":{"Escrito por":"Daniela Martin","Tempo estimado de leitura":"2 minutos"},"schema":{"@context":"https:\/\/schema.org","@graph":[{"@type":"Article","@id":"https:\/\/www.aurora-h2020.eu\/2023\/10\/23\/solar-photovoltaic-solutions-in-historical-city-centres\/#article","isPartOf":{"@id":"https:\/\/www.aurora-h2020.eu\/2023\/10\/23\/solar-photovoltaic-solutions-in-historical-city-centres\/"},"author":{"name":"Daniela Martin","@id":"https:\/\/www.aurora-h2020.eu\/#\/schema\/person\/c1a50e3b68f3c50a4351dba0dde770d1"},"headline":"Solar Photovoltaic Solutions in Historical City Centres","datePublished":"2023-10-23T20:52:39+00:00","dateModified":"2023-10-23T20:55:18+00:00","mainEntityOfPage":{"@id":"https:\/\/www.aurora-h2020.eu\/2023\/10\/23\/solar-photovoltaic-solutions-in-historical-city-centres\/"},"wordCount":190,"publisher":{"@id":"https:\/\/www.aurora-h2020.eu\/#organization"},"image":{"@id":"https:\/\/www.aurora-h2020.eu\/2023\/10\/23\/solar-photovoltaic-solutions-in-historical-city-centres\/#primaryimage"},"thumbnailUrl":"https:\/\/www.aurora-h2020.eu\/wp-content\/uploads\/2023\/05\/348437265_204572942465626_7317316231081315037_n.jpg","articleSection":["News","Portugal"],"inLanguage":"pt-PT"},{"@type":"WebPage","@id":"https:\/\/www.aurora-h2020.eu\/2023\/10\/23\/solar-photovoltaic-solutions-in-historical-city-centres\/","url":"https:\/\/www.aurora-h2020.eu\/2023\/10\/23\/solar-photovoltaic-solutions-in-historical-city-centres\/","name":"Solar Photovoltaic Solutions in Historical City Centres - AURORA H2020","isPartOf":{"@id":"https:\/\/www.aurora-h2020.eu\/#website"},"primaryImageOfPage":{"@id":"https:\/\/www.aurora-h2020.eu\/2023\/10\/23\/solar-photovoltaic-solutions-in-historical-city-centres\/#primaryimage"},"image":{"@id":"https:\/\/www.aurora-h2020.eu\/2023\/10\/23\/solar-photovoltaic-solutions-in-historical-city-centres\/#primaryimage"},"thumbnailUrl":"https:\/\/www.aurora-h2020.eu\/wp-content\/uploads\/2023\/05\/348437265_204572942465626_7317316231081315037_n.jpg","datePublished":"2023-10-23T20:52:39+00:00","dateModified":"2023-10-23T20:55:18+00:00","inLanguage":"pt-PT","potentialAction":[{"@type":"ReadAction","target":["https:\/\/www.aurora-h2020.eu\/2023\/10\/23\/solar-photovoltaic-solutions-in-historical-city-centres\/"]}]},{"@type":"ImageObject","inLanguage":"pt-PT","@id":"https:\/\/www.aurora-h2020.eu\/2023\/10\/23\/solar-photovoltaic-solutions-in-historical-city-centres\/#primaryimage","url":"https:\/\/www.aurora-h2020.eu\/wp-content\/uploads\/2023\/05\/348437265_204572942465626_7317316231081315037_n.jpg","contentUrl":"https:\/\/www.aurora-h2020.eu\/wp-content\/uploads\/2023\/05\/348437265_204572942465626_7317316231081315037_n.jpg","width":1536,"height":1536},{"@type":"WebSite","@id":"https:\/\/www.aurora-h2020.eu\/#website","url":"https:\/\/www.aurora-h2020.eu\/","name":"AURORA H2020","description":"Empowering a new generation of near zero-emission citizens","publisher":{"@id":"https:\/\/www.aurora-h2020.eu\/#organization"},"potentialAction":[{"@type":"SearchAction","target":{"@type":"EntryPoint","urlTemplate":"https:\/\/www.aurora-h2020.eu\/?s={search_term_string}"},"query-input":{"@type":"PropertyValueSpecification","valueRequired":true,"valueName":"search_term_string"}}],"inLanguage":"pt-PT"},{"@type":"Organization","@id":"https:\/\/www.aurora-h2020.eu\/#organization","name":"AURORA","url":"https:\/\/www.aurora-h2020.eu\/","logo":{"@type":"ImageObject","inLanguage":"pt-PT","@id":"https:\/\/www.aurora-h2020.eu\/#\/schema\/logo\/image\/","url":"https:\/\/www.aurora-h2020.eu\/wp-content\/uploads\/2022\/03\/2022-03-02-14.51.48.jpg","contentUrl":"https:\/\/www.aurora-h2020.eu\/wp-content\/uploads\/2022\/03\/2022-03-02-14.51.48.jpg","width":1280,"height":367,"caption":"AURORA"},"image":{"@id":"https:\/\/www.aurora-h2020.eu\/#\/schema\/logo\/image\/"},"sameAs":["https:\/\/x.com\/AURORA_H2020"]},{"@type":"Person","@id":"https:\/\/www.aurora-h2020.eu\/#\/schema\/person\/c1a50e3b68f3c50a4351dba0dde770d1","name":"Daniela Martin","image":{"@type":"ImageObject","inLanguage":"pt-PT","@id":"https:\/\/secure.gravatar.com\/avatar\/6ef8ff78a463799d7ced7461832381d733dec1adb031a5e1830de10416cef925?s=96&d=mm&r=g","url":"https:\/\/secure.gravatar.com\/avatar\/6ef8ff78a463799d7ced7461832381d733dec1adb031a5e1830de10416cef925?s=96&d=mm&r=g","contentUrl":"https:\/\/secure.gravatar.com\/avatar\/6ef8ff78a463799d7ced7461832381d733dec1adb031a5e1830de10416cef925?s=96&d=mm&r=g","caption":"Daniela Martin"},"url":"https:\/\/www.aurora-h2020.eu\/pt\/author\/dm_inscico\/"}]}},"_links":{"self":[{"href":"https:\/\/www.aurora-h2020.eu\/pt\/wp-json\/wp\/v2\/posts\/6250","targetHints":{"allow":["GET"]}}],"collection":[{"href":"https:\/\/www.aurora-h2020.eu\/pt\/wp-json\/wp\/v2\/posts"}],"about":[{"href":"https:\/\/www.aurora-h2020.eu\/pt\/wp-json\/wp\/v2\/types\/post"}],"author":[{"embeddable":true,"href":"https:\/\/www.aurora-h2020.eu\/pt\/wp-json\/wp\/v2\/users\/12"}],"replies":[{"embeddable":true,"href":"https:\/\/www.aurora-h2020.eu\/pt\/wp-json\/wp\/v2\/comments?post=6250"}],"version-history":[{"count":0,"href":"https:\/\/www.aurora-h2020.eu\/pt\/wp-json\/wp\/v2\/posts\/6250\/revisions"}],"wp:featuredmedia":[{"embeddable":true,"href":"https:\/\/www.aurora-h2020.eu\/pt\/wp-json\/wp\/v2\/media\/5546"}],"wp:attachment":[{"href":"https:\/\/www.aurora-h2020.eu\/pt\/wp-json\/wp\/v2\/media?parent=6250"}],"wp:term":[{"taxonomy":"category","embeddable":true,"href":"https:\/\/www.aurora-h2020.eu\/pt\/wp-json\/wp\/v2\/categories?post=6250"},{"taxonomy":"post_tag","embeddable":true,"href":"https:\/\/www.aurora-h2020.eu\/pt\/wp-json\/wp\/v2\/tags?post=6250"}],"curies":[{"name":"wp","href":"https:\/\/api.w.org\/{rel}","templated":true}]}}