{"id":10600,"date":"2025-02-10T14:28:40","date_gmt":"2025-02-10T13:28:40","guid":{"rendered":"https:\/\/www.aurora-h2020.eu\/?post_type=eu-news&#038;p=10600"},"modified":"2025-02-10T14:35:16","modified_gmt":"2025-02-10T13:35:16","slug":"testimonial-sara-pereira-winner-of-the-january-power-challenge","status":"publish","type":"eu-news","link":"https:\/\/www.aurora-h2020.eu\/pt\/eu-news\/testimonial-sara-pereira-winner-of-the-january-power-challenge\/","title":{"rendered":"Testemunho: Sara Pereira, vencedora do Power Challenge de janeiro"},"content":{"rendered":"<div data-elementor-type=\"wp-post\" data-elementor-id=\"10600\" class=\"elementor elementor-10600\" data-elementor-post-type=\"eu-news\">\n\t\t\t\t\t\t<section class=\"elementor-section elementor-top-section elementor-element elementor-element-9b1addb elementor-section-boxed elementor-section-height-default elementor-section-height-default\" data-id=\"9b1addb\" data-element_type=\"section\">\n\t\t\t\t\t\t<div class=\"elementor-container elementor-column-gap-default\">\n\t\t\t\t\t<div class=\"elementor-column elementor-col-100 elementor-top-column elementor-element elementor-element-b33628c\" data-id=\"b33628c\" data-element_type=\"column\">\n\t\t\t<div class=\"elementor-widget-wrap elementor-element-populated\">\n\t\t\t\t\t\t<div class=\"elementor-element elementor-element-42e81ad elementor-widget elementor-widget-text-editor\" data-id=\"42e81ad\" data-element_type=\"widget\" data-widget_type=\"text-editor.default\">\n\t\t\t\t<div class=\"elementor-widget-container\">\n\t\t\t<style>\/*! elementor - v3.22.0 - 17-06-2024 *\/\n.elementor-widget-text-editor.elementor-drop-cap-view-stacked .elementor-drop-cap{background-color:#69727d;color:#fff}.elementor-widget-text-editor.elementor-drop-cap-view-framed .elementor-drop-cap{color:#69727d;border:3px solid;background-color:transparent}.elementor-widget-text-editor:not(.elementor-drop-cap-view-default) .elementor-drop-cap{margin-top:8px}.elementor-widget-text-editor:not(.elementor-drop-cap-view-default) .elementor-drop-cap-letter{width:1em;height:1em}.elementor-widget-text-editor .elementor-drop-cap{float:left;text-align:center;line-height:1;font-size:50px}.elementor-widget-text-editor .elementor-drop-cap-letter{display:inline-block}<\/style>\t\t\t\t<div>Antes de usar a AURORA Energy Tracker, n\u00e3o tinha uma no\u00e7\u00e3o real da minha pegada de carbono pessoal. Agora consigo ver exatamente como os meus h\u00e1bitos di\u00e1rios \u2014 seja aquecer a minha casa ou deslocar-me \u2014 afetam o ambiente. A aplica\u00e7\u00e3o facilita o acompanhamento do meu consumo de energia, e os r\u00f3tulos energ\u00e9ticos d\u00e3o-me metas claras para atingir. Com o tempo, fiz pequenas mudan\u00e7as significativas, como ajustar as defini\u00e7\u00f5es de aquecimento e optar mais vezes por transportes p\u00fablicos. Saber que estou a reduzir ativamente as minhas emiss\u00f5es d\u00e1-me uma sensa\u00e7\u00e3o de realiza\u00e7\u00e3o e mant\u00e9m-me motivado para fazer mais.\u00a0\u00a0<\/div><div>\u00a0<\/div><p><strong>Sara Pereira, Portugal<\/strong><\/p>\t\t\t\t\t\t<\/div>\n\t\t\t\t<\/div>\n\t\t\t\t<div class=\"elementor-element elementor-element-1ab00ea elementor-widget elementor-widget-image\" data-id=\"1ab00ea\" data-element_type=\"widget\" data-widget_type=\"image.default\">\n\t\t\t\t<div class=\"elementor-widget-container\">\n\t\t\t<style>\/*! elementor - v3.22.0 - 17-06-2024 *\/\n.elementor-widget-image{text-align:center}.elementor-widget-image a{display:inline-block}.elementor-widget-image a img[src$=\".svg\"]{width:48px}.elementor-widget-image img{vertical-align:middle;display:inline-block}<\/style>\t\t\t\t\t\t\t\t\t\t<img fetchpriority=\"high\" decoding=\"async\" width=\"400\" height=\"400\" src=\"https:\/\/www.aurora-h2020.eu\/wp-content\/uploads\/2025\/02\/1680614868367.jpg\" class=\"attachment-large size-large wp-image-10601\" alt=\"Sara Pereira_Evora\" srcset=\"https:\/\/www.aurora-h2020.eu\/wp-content\/uploads\/2025\/02\/1680614868367.jpg 400w, https:\/\/www.aurora-h2020.eu\/wp-content\/uploads\/2025\/02\/1680614868367-300x300.jpg 300w, https:\/\/www.aurora-h2020.eu\/wp-content\/uploads\/2025\/02\/1680614868367-150x150.jpg 150w, https:\/\/www.aurora-h2020.eu\/wp-content\/uploads\/2025\/02\/1680614868367-12x12.jpg 12w\" sizes=\"(max-width: 400px) 100vw, 400px\" \/>\t\t\t\t\t\t\t\t\t\t\t\t\t<\/div>\n\t\t\t\t<\/div>\n\t\t\t\t\t<\/div>\n\t\t<\/div>\n\t\t\t\t\t<\/div>\n\t\t<\/section>\n\t\t\t\t<\/div>","protected":false},"excerpt":{"rendered":"<p>Before using the AURORA Energy Tracker, I had no real sense of my personal carbon footprint. Now, I can see exactly how my daily habits\u2014whether it\u2019s heating my home or commuting\u2014affect the environment. The app makes it easy to track my energy consumption, and the energy labels give me clear goals to work toward. Over [&hellip;]<\/p>","protected":false},"author":15,"featured_media":10601,"template":"","categories":[64,70],"tags":[],"class_list":["post-10600","eu-news","type-eu-news","status-publish","has-post-thumbnail","hentry","category-portugal","category-testimonial"],"acf":[],"yoast_head":"<!-- This site is optimized with the Yoast SEO plugin v27.5 - https:\/\/yoast.com\/product\/yoast-seo-wordpress\/ -->\n<title>Testimonial: Sara Pereira, winner of the January Power Challenge - AURORA H2020<\/title>\n<meta name=\"robots\" content=\"index, follow, max-snippet:-1, max-image-preview:large, max-video-preview:-1\" \/>\n<link rel=\"canonical\" href=\"https:\/\/www.aurora-h2020.eu\/pt\/eu-news\/testimonial-sara-pereira-winner-of-the-january-power-challenge\/\" \/>\n<meta property=\"og:locale\" content=\"pt_PT\" \/>\n<meta property=\"og:type\" content=\"article\" \/>\n<meta property=\"og:title\" content=\"Testimonial: Sara Pereira, winner of the January Power Challenge - AURORA H2020\" \/>\n<meta property=\"og:description\" content=\"Before using the AURORA Energy Tracker, I had no real sense of my personal carbon footprint. Now, I can see exactly how my daily habits\u2014whether it\u2019s heating my home or commuting\u2014affect the environment. The app makes it easy to track my energy consumption, and the energy labels give me clear goals to work toward. Over [&hellip;]\" \/>\n<meta property=\"og:url\" content=\"https:\/\/www.aurora-h2020.eu\/pt\/eu-news\/testimonial-sara-pereira-winner-of-the-january-power-challenge\/\" \/>\n<meta property=\"og:site_name\" content=\"AURORA H2020\" \/>\n<meta property=\"article:modified_time\" content=\"2025-02-10T13:35:16+00:00\" \/>\n<meta property=\"og:image\" content=\"https:\/\/www.aurora-h2020.eu\/wp-content\/uploads\/2025\/02\/1680614868367.jpg\" \/>\n\t<meta property=\"og:image:width\" content=\"400\" \/>\n\t<meta property=\"og:image:height\" content=\"400\" \/>\n\t<meta property=\"og:image:type\" content=\"image\/jpeg\" \/>\n<meta name=\"twitter:card\" content=\"summary_large_image\" \/>\n<meta name=\"twitter:site\" content=\"@AURORA_H2020\" \/>\n<meta name=\"twitter:label1\" content=\"Tempo estimado de leitura\" \/>\n\t<meta name=\"twitter:data1\" content=\"1 minuto\" \/>\n<script type=\"application\/ld+json\" class=\"yoast-schema-graph\">{\"@context\":\"https:\\\/\\\/schema.org\",\"@graph\":[{\"@type\":\"WebPage\",\"@id\":\"https:\\\/\\\/www.aurora-h2020.eu\\\/eu-news\\\/testimonial-sara-pereira-winner-of-the-january-power-challenge\\\/\",\"url\":\"https:\\\/\\\/www.aurora-h2020.eu\\\/eu-news\\\/testimonial-sara-pereira-winner-of-the-january-power-challenge\\\/\",\"name\":\"Testimonial: Sara Pereira, winner of the January Power Challenge - AURORA H2020\",\"isPartOf\":{\"@id\":\"https:\\\/\\\/www.aurora-h2020.eu\\\/#website\"},\"primaryImageOfPage\":{\"@id\":\"https:\\\/\\\/www.aurora-h2020.eu\\\/eu-news\\\/testimonial-sara-pereira-winner-of-the-january-power-challenge\\\/#primaryimage\"},\"image\":{\"@id\":\"https:\\\/\\\/www.aurora-h2020.eu\\\/eu-news\\\/testimonial-sara-pereira-winner-of-the-january-power-challenge\\\/#primaryimage\"},\"thumbnailUrl\":\"https:\\\/\\\/www.aurora-h2020.eu\\\/wp-content\\\/uploads\\\/2025\\\/02\\\/1680614868367.jpg\",\"datePublished\":\"2025-02-10T13:28:40+00:00\",\"dateModified\":\"2025-02-10T13:35:16+00:00\",\"breadcrumb\":{\"@id\":\"https:\\\/\\\/www.aurora-h2020.eu\\\/eu-news\\\/testimonial-sara-pereira-winner-of-the-january-power-challenge\\\/#breadcrumb\"},\"inLanguage\":\"pt-PT\",\"potentialAction\":[{\"@type\":\"ReadAction\",\"target\":[\"https:\\\/\\\/www.aurora-h2020.eu\\\/eu-news\\\/testimonial-sara-pereira-winner-of-the-january-power-challenge\\\/\"]}]},{\"@type\":\"ImageObject\",\"inLanguage\":\"pt-PT\",\"@id\":\"https:\\\/\\\/www.aurora-h2020.eu\\\/eu-news\\\/testimonial-sara-pereira-winner-of-the-january-power-challenge\\\/#primaryimage\",\"url\":\"https:\\\/\\\/www.aurora-h2020.eu\\\/wp-content\\\/uploads\\\/2025\\\/02\\\/1680614868367.jpg\",\"contentUrl\":\"https:\\\/\\\/www.aurora-h2020.eu\\\/wp-content\\\/uploads\\\/2025\\\/02\\\/1680614868367.jpg\",\"width\":400,\"height\":400,\"caption\":\"Sara Pereira_Evora\"},{\"@type\":\"BreadcrumbList\",\"@id\":\"https:\\\/\\\/www.aurora-h2020.eu\\\/eu-news\\\/testimonial-sara-pereira-winner-of-the-january-power-challenge\\\/#breadcrumb\",\"itemListElement\":[{\"@type\":\"ListItem\",\"position\":1,\"name\":\"Portugal News\",\"item\":\"https:\\\/\\\/www.aurora-h2020.eu\\\/eu-news\\\/\"},{\"@type\":\"ListItem\",\"position\":2,\"name\":\"Testimonial: Sara Pereira, winner of the January Power Challenge\"}]},{\"@type\":\"WebSite\",\"@id\":\"https:\\\/\\\/www.aurora-h2020.eu\\\/#website\",\"url\":\"https:\\\/\\\/www.aurora-h2020.eu\\\/\",\"name\":\"AURORA H2020\",\"description\":\"Empowering a new generation of near zero-emission citizens\",\"publisher\":{\"@id\":\"https:\\\/\\\/www.aurora-h2020.eu\\\/#organization\"},\"potentialAction\":[{\"@type\":\"SearchAction\",\"target\":{\"@type\":\"EntryPoint\",\"urlTemplate\":\"https:\\\/\\\/www.aurora-h2020.eu\\\/?s={search_term_string}\"},\"query-input\":{\"@type\":\"PropertyValueSpecification\",\"valueRequired\":true,\"valueName\":\"search_term_string\"}}],\"inLanguage\":\"pt-PT\"},{\"@type\":\"Organization\",\"@id\":\"https:\\\/\\\/www.aurora-h2020.eu\\\/#organization\",\"name\":\"AURORA\",\"url\":\"https:\\\/\\\/www.aurora-h2020.eu\\\/\",\"logo\":{\"@type\":\"ImageObject\",\"inLanguage\":\"pt-PT\",\"@id\":\"https:\\\/\\\/www.aurora-h2020.eu\\\/#\\\/schema\\\/logo\\\/image\\\/\",\"url\":\"https:\\\/\\\/www.aurora-h2020.eu\\\/wp-content\\\/uploads\\\/2022\\\/03\\\/2022-03-02-14.51.48.jpg\",\"contentUrl\":\"https:\\\/\\\/www.aurora-h2020.eu\\\/wp-content\\\/uploads\\\/2022\\\/03\\\/2022-03-02-14.51.48.jpg\",\"width\":1280,\"height\":367,\"caption\":\"AURORA\"},\"image\":{\"@id\":\"https:\\\/\\\/www.aurora-h2020.eu\\\/#\\\/schema\\\/logo\\\/image\\\/\"},\"sameAs\":[\"https:\\\/\\\/x.com\\\/AURORA_H2020\"]}]}<\/script>\n<!-- \/ Yoast SEO plugin. -->","yoast_head_json":{"title":"Testimonial: Sara Pereira, winner of the January Power Challenge - AURORA H2020","robots":{"index":"index","follow":"follow","max-snippet":"max-snippet:-1","max-image-preview":"max-image-preview:large","max-video-preview":"max-video-preview:-1"},"canonical":"https:\/\/www.aurora-h2020.eu\/pt\/eu-news\/testimonial-sara-pereira-winner-of-the-january-power-challenge\/","og_locale":"pt_PT","og_type":"article","og_title":"Testimonial: Sara Pereira, winner of the January Power Challenge - AURORA H2020","og_description":"Before using the AURORA Energy Tracker, I had no real sense of my personal carbon footprint. Now, I can see exactly how my daily habits\u2014whether it\u2019s heating my home or commuting\u2014affect the environment. The app makes it easy to track my energy consumption, and the energy labels give me clear goals to work toward. Over [&hellip;]","og_url":"https:\/\/www.aurora-h2020.eu\/pt\/eu-news\/testimonial-sara-pereira-winner-of-the-january-power-challenge\/","og_site_name":"AURORA H2020","article_modified_time":"2025-02-10T13:35:16+00:00","og_image":[{"width":400,"height":400,"url":"https:\/\/www.aurora-h2020.eu\/wp-content\/uploads\/2025\/02\/1680614868367.jpg","type":"image\/jpeg"}],"twitter_card":"summary_large_image","twitter_site":"@AURORA_H2020","twitter_misc":{"Tempo estimado de leitura":"1 minuto"},"schema":{"@context":"https:\/\/schema.org","@graph":[{"@type":"WebPage","@id":"https:\/\/www.aurora-h2020.eu\/eu-news\/testimonial-sara-pereira-winner-of-the-january-power-challenge\/","url":"https:\/\/www.aurora-h2020.eu\/eu-news\/testimonial-sara-pereira-winner-of-the-january-power-challenge\/","name":"Testimonial: Sara Pereira, winner of the January Power Challenge - AURORA H2020","isPartOf":{"@id":"https:\/\/www.aurora-h2020.eu\/#website"},"primaryImageOfPage":{"@id":"https:\/\/www.aurora-h2020.eu\/eu-news\/testimonial-sara-pereira-winner-of-the-january-power-challenge\/#primaryimage"},"image":{"@id":"https:\/\/www.aurora-h2020.eu\/eu-news\/testimonial-sara-pereira-winner-of-the-january-power-challenge\/#primaryimage"},"thumbnailUrl":"https:\/\/www.aurora-h2020.eu\/wp-content\/uploads\/2025\/02\/1680614868367.jpg","datePublished":"2025-02-10T13:28:40+00:00","dateModified":"2025-02-10T13:35:16+00:00","breadcrumb":{"@id":"https:\/\/www.aurora-h2020.eu\/eu-news\/testimonial-sara-pereira-winner-of-the-january-power-challenge\/#breadcrumb"},"inLanguage":"pt-PT","potentialAction":[{"@type":"ReadAction","target":["https:\/\/www.aurora-h2020.eu\/eu-news\/testimonial-sara-pereira-winner-of-the-january-power-challenge\/"]}]},{"@type":"ImageObject","inLanguage":"pt-PT","@id":"https:\/\/www.aurora-h2020.eu\/eu-news\/testimonial-sara-pereira-winner-of-the-january-power-challenge\/#primaryimage","url":"https:\/\/www.aurora-h2020.eu\/wp-content\/uploads\/2025\/02\/1680614868367.jpg","contentUrl":"https:\/\/www.aurora-h2020.eu\/wp-content\/uploads\/2025\/02\/1680614868367.jpg","width":400,"height":400,"caption":"Sara Pereira_Evora"},{"@type":"BreadcrumbList","@id":"https:\/\/www.aurora-h2020.eu\/eu-news\/testimonial-sara-pereira-winner-of-the-january-power-challenge\/#breadcrumb","itemListElement":[{"@type":"ListItem","position":1,"name":"Portugal News","item":"https:\/\/www.aurora-h2020.eu\/eu-news\/"},{"@type":"ListItem","position":2,"name":"Testimonial: Sara Pereira, winner of the January Power Challenge"}]},{"@type":"WebSite","@id":"https:\/\/www.aurora-h2020.eu\/#website","url":"https:\/\/www.aurora-h2020.eu\/","name":"AURORA H2020","description":"Empowering a new generation of near zero-emission citizens","publisher":{"@id":"https:\/\/www.aurora-h2020.eu\/#organization"},"potentialAction":[{"@type":"SearchAction","target":{"@type":"EntryPoint","urlTemplate":"https:\/\/www.aurora-h2020.eu\/?s={search_term_string}"},"query-input":{"@type":"PropertyValueSpecification","valueRequired":true,"valueName":"search_term_string"}}],"inLanguage":"pt-PT"},{"@type":"Organization","@id":"https:\/\/www.aurora-h2020.eu\/#organization","name":"AURORA","url":"https:\/\/www.aurora-h2020.eu\/","logo":{"@type":"ImageObject","inLanguage":"pt-PT","@id":"https:\/\/www.aurora-h2020.eu\/#\/schema\/logo\/image\/","url":"https:\/\/www.aurora-h2020.eu\/wp-content\/uploads\/2022\/03\/2022-03-02-14.51.48.jpg","contentUrl":"https:\/\/www.aurora-h2020.eu\/wp-content\/uploads\/2022\/03\/2022-03-02-14.51.48.jpg","width":1280,"height":367,"caption":"AURORA"},"image":{"@id":"https:\/\/www.aurora-h2020.eu\/#\/schema\/logo\/image\/"},"sameAs":["https:\/\/x.com\/AURORA_H2020"]}]}},"_links":{"self":[{"href":"https:\/\/www.aurora-h2020.eu\/pt\/wp-json\/wp\/v2\/eu-news\/10600","targetHints":{"allow":["GET"]}}],"collection":[{"href":"https:\/\/www.aurora-h2020.eu\/pt\/wp-json\/wp\/v2\/eu-news"}],"about":[{"href":"https:\/\/www.aurora-h2020.eu\/pt\/wp-json\/wp\/v2\/types\/eu-news"}],"author":[{"embeddable":true,"href":"https:\/\/www.aurora-h2020.eu\/pt\/wp-json\/wp\/v2\/users\/15"}],"version-history":[{"count":0,"href":"https:\/\/www.aurora-h2020.eu\/pt\/wp-json\/wp\/v2\/eu-news\/10600\/revisions"}],"wp:featuredmedia":[{"embeddable":true,"href":"https:\/\/www.aurora-h2020.eu\/pt\/wp-json\/wp\/v2\/media\/10601"}],"wp:attachment":[{"href":"https:\/\/www.aurora-h2020.eu\/pt\/wp-json\/wp\/v2\/media?parent=10600"}],"wp:term":[{"taxonomy":"category","embeddable":true,"href":"https:\/\/www.aurora-h2020.eu\/pt\/wp-json\/wp\/v2\/categories?post=10600"},{"taxonomy":"post_tag","embeddable":true,"href":"https:\/\/www.aurora-h2020.eu\/pt\/wp-json\/wp\/v2\/tags?post=10600"}],"curies":[{"name":"wp","href":"https:\/\/api.w.org\/{rel}","templated":true}]}}